{"id":26474,"date":"2025-07-30T10:00:51","date_gmt":"2025-07-30T15:00:51","guid":{"rendered":"https:\/\/smartax.com.co\/smartax\/uncategorized\/duplicado-eres-independiente-esto-te-interesa-nuevo-esquema-de-presuncion-de-costos-ya-esta-en-marcha\/"},"modified":"2025-08-05T14:10:57","modified_gmt":"2025-08-05T19:10:57","slug":"otra-reforma-tributaria-esto-es-lo-que-debes-saber","status":"publish","type":"post","link":"https:\/\/smartax.com.co\/smartax\/noticias\/otra-reforma-tributaria-esto-es-lo-que-debes-saber\/","title":{"rendered":"\u00bfOtra reforma tributaria? Esto es lo que debes saber"},"content":{"rendered":"\t\t<div data-elementor-type=\"wp-post\" data-elementor-id=\"26474\" class=\"elementor elementor-26474\">\n\t\t\t\t<div class=\"elementor-element elementor-element-d8cbec1 e-flex e-con-boxed e-con e-parent\" data-id=\"d8cbec1\" data-element_type=\"container\" data-e-type=\"container\">\n\t\t\t\t\t<div class=\"e-con-inner\">\n\t\t\t\t<div class=\"elementor-element elementor-element-92593d2 elementor-widget elementor-widget-text-editor\" data-id=\"92593d2\" data-element_type=\"widget\" data-e-type=\"widget\" data-widget_type=\"text-editor.default\">\n\t\t\t\t<div class=\"elementor-widget-container\">\n\t\t\t\t\t\t\t\t\t<div class=\"elementor-element elementor-element-2166bf5 elementor-widget elementor-widget-thim-ekits-post-title\" data-id=\"2166bf5\" data-element_type=\"widget\" data-widget_type=\"thim-ekits-post-title.default\"><div class=\"elementor-widget-container\"><div class=\"thim-ekit-single-post__title\"><h1 class=\"thim-ekit-single-post__title__content\" style=\"text-align: center;\">\u00bfOtra reforma tributaria? Esto es lo que debes saber<\/h1><\/div><\/div><\/div><div class=\"elementor-element elementor-element-ab3c1b0 elementor-widget elementor-widget-thim-ekits-post-info\" data-id=\"ab3c1b0\" data-element_type=\"widget\" data-widget_type=\"thim-ekits-post-info.default\"><div class=\"elementor-widget-container\"><div class=\"thim-ekit-single-post__info\">\u00a0<\/div><\/div><\/div>\t\t\t\t\t\t\t\t<\/div>\n\t\t\t\t<\/div>\n\t\t<div class=\"elementor-element elementor-element-03d3b6b e-con-full e-flex e-con e-child\" data-id=\"03d3b6b\" data-element_type=\"container\" data-e-type=\"container\">\n\t\t\t\t<div class=\"elementor-element elementor-element-31042ab elementor-widget elementor-widget-image\" data-id=\"31042ab\" data-element_type=\"widget\" data-e-type=\"widget\" data-widget_type=\"image.default\">\n\t\t\t\t<div class=\"elementor-widget-container\">\n\t\t\t\t\t\t\t\t\t\t\t\t\t\t\t<img fetchpriority=\"high\" decoding=\"async\" width=\"970\" height=\"560\" src=\"https:\/\/smartax.com.co\/smartax\/wp-content\/uploads\/2025\/07\/imagen-1.png\" class=\"attachment-1536x1536 size-1536x1536 wp-image-26482\" alt=\"\" srcset=\"https:\/\/smartax.com.co\/smartax\/wp-content\/uploads\/2025\/07\/imagen-1.png 970w, https:\/\/smartax.com.co\/smartax\/wp-content\/uploads\/2025\/07\/imagen-1-300x173.png 300w, https:\/\/smartax.com.co\/smartax\/wp-content\/uploads\/2025\/07\/imagen-1-768x443.png 768w, https:\/\/smartax.com.co\/smartax\/wp-content\/uploads\/2025\/07\/imagen-1-600x346.png 600w\" sizes=\"(max-width: 970px) 100vw, 970px\" \/>\t\t\t\t\t\t\t\t\t\t\t\t\t\t\t<\/div>\n\t\t\t\t<\/div>\n\t\t\t\t<\/div>\n\t\t\t\t<div class=\"elementor-element elementor-element-56b58d0 elementor-widget elementor-widget-text-editor\" data-id=\"56b58d0\" data-element_type=\"widget\" data-e-type=\"widget\" data-widget_type=\"text-editor.default\">\n\t\t\t\t<div class=\"elementor-widget-container\">\n\t\t\t\t\t\t\t\t\t<p>En los \u00faltimos d\u00edas, el Ministro de Hacienda anunci\u00f3 que el Gobierno Nacional est\u00e1 preparando una nueva <strong>reforma tributaria<\/strong> que podr\u00eda presentarse en el segundo semestre del a\u00f1o.<\/p><p>\u00bfY por qu\u00e9 una nueva reforma? Seg\u00fan el Gobierno, los <strong>ingresos que recibe el Estado<\/strong> por impuestos no han alcanzado las metas o las estimaciones trazadas. A lo anterior, se suman varias decisiones de los operadores judiciales que han expulsado del ordenamiento jur\u00eddico normas tributarias con las que se aspiraba a lograr un gran y efectivo recaudo; decisiones que, por supuesto, no contemplaba el ejecutivo que se tomar\u00e1n y que han repercutido en las finanzas p\u00fablicas.<\/p><p><strong>Nuevos impuestos en camino<br \/><\/strong>En el nuevo proyecto se habla de crear <strong>cuatro nuevos impuestos<\/strong> que apuntan a:<\/p><ul><li>Productos con carbono,<\/li><li>Plaguicidas,<\/li><li>Contaminaci\u00f3n por ruido,<\/li><li>Vapeadores.<\/li><\/ul><p>Estos impuestos tienen como objetivo principal <strong>desincentivar pr\u00e1cticas da\u00f1inas<\/strong> para la salud y el medio ambiente. Sin embargo, el mismo Gobierno ha reconocido que no representar\u00edan un gran aumento en el recaudo.<\/p><p><strong>\u00bfY qu\u00e9 m\u00e1s ha pasado?<br \/><\/strong>Recientemente, el ejecutivo expidi\u00f3 el <strong>Decreto 0572 de 2025<\/strong>, el cual increment\u00f3 las tarifas de autorretenci\u00f3n en la fuente. Este cambio ha generado preocupaci\u00f3n en muchos sectores econ\u00f3micos, ya que implica sacrificio de caja para atender los compromisos derivados del sistema de retenci\u00f3n en la fuente.<\/p><p>Adem\u00e1s, el Gobierno <strong>suspendi\u00f3 el Marco Fiscal de Mediano Plazo<\/strong>, una hoja de ruta clave para manejar las finanzas del pa\u00eds. Esta decisi\u00f3n ha hecho sonar las alarmas, pues podr\u00eda llevar a un aumento significativo del endeudamiento p\u00fablico y muy costoso en cuanto a las tasas de inter\u00e9s.<\/p><p><strong>El ambiente no es el mejor<br \/><\/strong>T\u00fa mismo lo has notado: el ambiente pol\u00edtico y econ\u00f3mico del pa\u00eds est\u00e1 bastante agitado. La relaci\u00f3n entre el Gobierno y el Congreso no es la mejor, lo que hace dif\u00edcil que una reforma de este tipo sea aprobada. Adem\u00e1s, cada vez hay <strong>m\u00e1s tensi\u00f3n entre el Gobierno y el sector empresarial<\/strong>, que ha mostrado su desacuerdo con muchas de las medidas propuestas e implementadas.<\/p><p>Como si esto fuera poco, hay <strong>investigaciones en curso<\/strong> por presunto mal uso de recursos p\u00fablicos, lo cual afecta la confianza de la ciudadan\u00eda y de otros actores importantes respecto al uso de los recursos que se captan a trav\u00e9s de los impuestos.<br \/><br \/><strong>\u00bfY entonces qu\u00e9 sigue?<br \/><\/strong>Todo indica que sacar adelante una nueva reforma tributaria <strong>no ser\u00e1 tarea f\u00e1cil<\/strong>. M\u00e1s a\u00fan, si tenemos en cuenta que <strong>hace poco ya se hizo una reforma con objetivos similares.<\/strong><\/p><p>El Gobierno tiene ahora un gran reto: <strong>lograr acuerdos con distintos sectores<\/strong>, en un momento en el que la polarizaci\u00f3n pol\u00edtica, la falta de confianza y la cercan\u00eda de nuevas elecciones hacen que el camino sea muy espinoso.<\/p>\t\t\t\t\t\t\t\t<\/div>\n\t\t\t\t<\/div>\n\t\t\t\t\t<\/div>\n\t\t\t\t<\/div>\n\t\t<div class=\"elementor-element elementor-element-724ff58 e-flex e-con-boxed e-con e-parent\" data-id=\"724ff58\" data-element_type=\"container\" data-e-type=\"container\">\n\t\t\t\t\t<div class=\"e-con-inner\">\n\t\t\t\t<div class=\"elementor-element elementor-element-8a073cd elementor-widget elementor-widget-text-editor\" data-id=\"8a073cd\" data-element_type=\"widget\" data-e-type=\"widget\" data-widget_type=\"text-editor.default\">\n\t\t\t\t<div class=\"elementor-widget-container\">\n\t\t\t\t\t\t\t\t\t<p><b>Gracias por leernos y llegar hasta aqu\u00ed, buscamos siempre brindarte informaci\u00f3n de valor.\u00a0<br \/><\/b><\/p><p style=\"text-align: center;\">\u00a1No olvides seguirnos en nuestras redes sociales: <strong>YouTube, Canal de WhatsApp, Instagram, Facebook y LinkedIn!<\/strong><br \/>All\u00ed encontrar\u00e1s informaci\u00f3n valiosa que puede ser de tu inter\u00e9s.<\/p><p>\u00a0<\/p>\t\t\t\t\t\t\t\t<\/div>\n\t\t\t\t<\/div>\n\t\t\t\t<div class=\"elementor-element elementor-element-70af043 elementor-button-info elementor-align-center elementor-widget elementor-widget-button\" data-id=\"70af043\" data-element_type=\"widget\" data-e-type=\"widget\" data-widget_type=\"button.default\">\n\t\t\t\t<div class=\"elementor-widget-container\">\n\t\t\t\t\t\t\t\t\t<div class=\"elementor-button-wrapper\">\n\t\t\t\t\t<a class=\"elementor-button elementor-button-link elementor-size-sm\" href=\"https:\/\/atom.bio\/ryl-smartax\">\n\t\t\t\t\t\t<span class=\"elementor-button-content-wrapper\">\n\t\t\t\t\t\t\t\t\t<span class=\"elementor-button-text\">Haz clic aqu\u00ed para acceder a nuestras redes sociales<\/span>\n\t\t\t\t\t<\/span>\n\t\t\t\t\t<\/a>\n\t\t\t\t<\/div>\n\t\t\t\t\t\t\t\t<\/div>\n\t\t\t\t<\/div>\n\t\t\t\t<div class=\"elementor-element elementor-element-e622369 elementor-widget-divider--view-line elementor-widget elementor-widget-divider\" data-id=\"e622369\" data-element_type=\"widget\" data-e-type=\"widget\" data-widget_type=\"divider.default\">\n\t\t\t\t<div class=\"elementor-widget-container\">\n\t\t\t\t\t\t\t<div class=\"elementor-divider\">\n\t\t\t<span class=\"elementor-divider-separator\">\n\t\t\t\t\t\t<\/span>\n\t\t<\/div>\n\t\t\t\t\t\t<\/div>\n\t\t\t\t<\/div>\n\t\t\t\t\t<\/div>\n\t\t\t\t<\/div>\n\t\t<div class=\"elementor-element elementor-element-d709e65 e-flex e-con-boxed e-con e-parent\" data-id=\"d709e65\" data-element_type=\"container\" data-e-type=\"container\">\n\t\t\t\t\t<div class=\"e-con-inner\">\n\t\t\t\t\t<\/div>\n\t\t\t\t<\/div>\n\t\t\t\t<\/div>\n\t\t","protected":false},"excerpt":{"rendered":"<p>\u00bfOtra reforma tributaria? Esto es lo que debes saber \u00a0 En los \u00faltimos d\u00edas, el Ministro de Hacienda anunci\u00f3 que el Gobierno Nacional est\u00e1 preparando una nueva reforma tributaria que podr\u00eda presentarse en el segundo semestre del a\u00f1o. \u00bfY por &hellip; <\/p>\n","protected":false},"author":1,"featured_media":26478,"comment_status":"open","ping_status":"open","sticky":false,"template":"","format":"standard","meta":{"_acf_changed":false,"footnotes":""},"categories":[61,62,59,64,63],"tags":[],"class_list":["post-26474","post","type-post","status-publish","format-standard","has-post-thumbnail","hentry","category-impuestos","category-jurisprudencia","category-noticias","category-personas-juridicas","category-personas-naturales"],"acf":[],"_links":{"self":[{"href":"https:\/\/smartax.com.co\/smartax\/wp-json\/wp\/v2\/posts\/26474","targetHints":{"allow":["GET"]}}],"collection":[{"href":"https:\/\/smartax.com.co\/smartax\/wp-json\/wp\/v2\/posts"}],"about":[{"href":"https:\/\/smartax.com.co\/smartax\/wp-json\/wp\/v2\/types\/post"}],"author":[{"embeddable":true,"href":"https:\/\/smartax.com.co\/smartax\/wp-json\/wp\/v2\/users\/1"}],"replies":[{"embeddable":true,"href":"https:\/\/smartax.com.co\/smartax\/wp-json\/wp\/v2\/comments?post=26474"}],"version-history":[{"count":16,"href":"https:\/\/smartax.com.co\/smartax\/wp-json\/wp\/v2\/posts\/26474\/revisions"}],"predecessor-version":[{"id":26494,"href":"https:\/\/smartax.com.co\/smartax\/wp-json\/wp\/v2\/posts\/26474\/revisions\/26494"}],"wp:featuredmedia":[{"embeddable":true,"href":"https:\/\/smartax.com.co\/smartax\/wp-json\/wp\/v2\/media\/26478"}],"wp:attachment":[{"href":"https:\/\/smartax.com.co\/smartax\/wp-json\/wp\/v2\/media?parent=26474"}],"wp:term":[{"taxonomy":"category","embeddable":true,"href":"https:\/\/smartax.com.co\/smartax\/wp-json\/wp\/v2\/categories?post=26474"},{"taxonomy":"post_tag","embeddable":true,"href":"https:\/\/smartax.com.co\/smartax\/wp-json\/wp\/v2\/tags?post=26474"}],"curies":[{"name":"wp","href":"https:\/\/api.w.org\/{rel}","templated":true}]}}