{"id":27027,"date":"2025-11-25T10:00:51","date_gmt":"2025-11-25T15:00:51","guid":{"rendered":"https:\/\/smartax.com.co\/smartax\/uncategorized\/duplicado-boletin-tributario-octubre-2025\/"},"modified":"2025-12-09T15:34:11","modified_gmt":"2025-12-09T20:34:11","slug":"boletin-tributario-noviembre-2025","status":"publish","type":"post","link":"https:\/\/smartax.com.co\/smartax\/noticias\/boletin-tributario-noviembre-2025\/","title":{"rendered":"Bolet\u00edn Tributario Noviembre 2025"},"content":{"rendered":"\t\t<div data-elementor-type=\"wp-post\" data-elementor-id=\"27027\" class=\"elementor elementor-27027\">\n\t\t\t\t<div class=\"elementor-element elementor-element-65ddb16 e-flex e-con-boxed e-con e-parent\" data-id=\"65ddb16\" data-element_type=\"container\" data-e-type=\"container\">\n\t\t\t\t\t<div class=\"e-con-inner\">\n\t\t\t\t<div class=\"elementor-element elementor-element-b7a4fb7 elementor-widget elementor-widget-image\" data-id=\"b7a4fb7\" data-element_type=\"widget\" data-e-type=\"widget\" data-widget_type=\"image.default\">\n\t\t\t\t<div class=\"elementor-widget-container\">\n\t\t\t\t\t\t\t\t\t\t\t\t\t\t\t<img decoding=\"async\" src=\"https:\/\/smartax.com.co\/smartax\/wp-content\/uploads\/2025\/11\/elementor\/thumbs\/Portada-2-1.png\" title=\"Portada-2\" alt=\"Portada-2\" loading=\"lazy\" \/>\t\t\t\t\t\t\t\t\t\t\t\t\t\t\t<\/div>\n\t\t\t\t<\/div>\n\t\t\t\t<div class=\"elementor-element elementor-element-35ed314 elementor-widget elementor-widget-text-editor\" data-id=\"35ed314\" data-element_type=\"widget\" data-e-type=\"widget\" data-widget_type=\"text-editor.default\">\n\t\t\t\t<div class=\"elementor-widget-container\">\n\t\t\t\t\t\t\t\t\t<p id=\"isPasted\">Noviembre es el mes para hacer una pausa estrat\u00e9gica antes del cierre del a\u00f1o fiscal. Desde Restrepo &amp; Londo\u00f1o \u2013 SMARTAX queremos acompa\u00f1arte en este momento clave, acercando la informaci\u00f3n tributaria y legal de manera sencilla, pr\u00e1ctica y \u00fatil para la toma de decisiones.<\/p><p>En esta edici\u00f3n encontrar\u00e1s un resumen de las principales novedades normativas y doctrinales emitidas por las autoridades tributarias, as\u00ed como comentarios sobre su impacto en las empresas y en las personas naturales en Colombia.\u00a0<\/p><p>Nuestro objetivo es que este bolet\u00edn se convierta en una herramienta de consulta r\u00e1pida, que te ayude a planear mejor, anticipar riesgos y aprovechar oportunidades dentro del marco legal vigente. Gracias por confiar en nosotros para mantenerte al d\u00eda en materia tributaria y patrimonial.<\/p>\t\t\t\t\t\t\t\t<\/div>\n\t\t\t\t<\/div>\n\t\t\t\t<div class=\"elementor-element elementor-element-88ae256 elementor-widget-divider--view-line elementor-widget elementor-widget-divider\" data-id=\"88ae256\" data-element_type=\"widget\" data-e-type=\"widget\" data-widget_type=\"divider.default\">\n\t\t\t\t<div class=\"elementor-widget-container\">\n\t\t\t\t\t\t\t<div class=\"elementor-divider\">\n\t\t\t<span class=\"elementor-divider-separator\">\n\t\t\t\t\t\t<\/span>\n\t\t<\/div>\n\t\t\t\t\t\t<\/div>\n\t\t\t\t<\/div>\n\t\t\t\t<div class=\"elementor-element elementor-element-806224e elementor-widget elementor-widget-text-editor\" data-id=\"806224e\" data-element_type=\"widget\" data-e-type=\"widget\" data-widget_type=\"text-editor.default\">\n\t\t\t\t<div class=\"elementor-widget-container\">\n\t\t\t\t\t\t\t\t\t<h2 class=\"default-heading2\" style=\"text-align: center;\"><span style=\"color: #ff0000;\"><strong>Obligaci\u00f3n de informar a la DIAN el software de facturaci\u00f3n electr\u00f3nica<\/strong><\/span><\/h2>\t\t\t\t\t\t\t\t<\/div>\n\t\t\t\t<\/div>\n\t\t\t\t<div class=\"elementor-element elementor-element-4134f4c elementor-widget elementor-widget-image\" data-id=\"4134f4c\" data-element_type=\"widget\" data-e-type=\"widget\" data-widget_type=\"image.default\">\n\t\t\t\t<div class=\"elementor-widget-container\">\n\t\t\t\t\t\t\t\t\t\t\t\t\t\t\t<img fetchpriority=\"high\" decoding=\"async\" width=\"640\" height=\"427\" src=\"https:\/\/smartax.com.co\/smartax\/wp-content\/uploads\/2025\/11\/Obligacion-de-informar-a-la-DIAN-el-software-de-facturacion-electronica-1024x683.png\" class=\"attachment-large size-large wp-image-27059\" alt=\"\" srcset=\"https:\/\/smartax.com.co\/smartax\/wp-content\/uploads\/2025\/11\/Obligacion-de-informar-a-la-DIAN-el-software-de-facturacion-electronica-1024x683.png 1024w, https:\/\/smartax.com.co\/smartax\/wp-content\/uploads\/2025\/11\/Obligacion-de-informar-a-la-DIAN-el-software-de-facturacion-electronica-300x200.png 300w, https:\/\/smartax.com.co\/smartax\/wp-content\/uploads\/2025\/11\/Obligacion-de-informar-a-la-DIAN-el-software-de-facturacion-electronica-768x512.png 768w, https:\/\/smartax.com.co\/smartax\/wp-content\/uploads\/2025\/11\/Obligacion-de-informar-a-la-DIAN-el-software-de-facturacion-electronica-600x400.png 600w, https:\/\/smartax.com.co\/smartax\/wp-content\/uploads\/2025\/11\/Obligacion-de-informar-a-la-DIAN-el-software-de-facturacion-electronica.png 1536w\" sizes=\"(max-width: 640px) 100vw, 640px\" \/>\t\t\t\t\t\t\t\t\t\t\t\t\t\t\t<\/div>\n\t\t\t\t<\/div>\n\t\t\t\t<div class=\"elementor-element elementor-element-4ef6795 elementor-widget elementor-widget-text-editor\" data-id=\"4ef6795\" data-element_type=\"widget\" data-e-type=\"widget\" data-widget_type=\"text-editor.default\">\n\t\t\t\t<div class=\"elementor-widget-container\">\n\t\t\t\t\t\t\t\t\t<p>El <strong>Concepto 100208192-1169<\/strong> de 2025 recuerda a los contribuyentes la obligaci\u00f3n de informar a la DIAN qu\u00e9 tipo de software de facturaci\u00f3n electr\u00f3nica de venta utilizar\u00e1n.<\/p><ul><li>Es obligatorio <strong>reportar a la DIAN<\/strong> el tipo de software de facturaci\u00f3n electr\u00f3nica de venta que se usar\u00e1.<\/li><li>El software elegido debe permitir, como m\u00ednimo:<ul><li>Expedir <strong>factura electr\u00f3nica de venta<\/strong>.<\/li><li>Generar el <strong>documento equivalente electr\u00f3nico<\/strong> y dem\u00e1s documentos electr\u00f3nicos.<\/li><li>Asegurar la <strong>interacci\u00f3n e interoperabilidad<\/strong> entre estos documentos.<\/li><\/ul><\/li><li>As\u00ed mismo, el software debe permitir:<ul><li>Elaborar <strong>notas d\u00e9bito<\/strong> y <strong>notas cr\u00e9dito<\/strong>.<\/li><li>Generar los <strong>instrumentos electr\u00f3nicos derivados<\/strong> de dichos documentos.<\/li><\/ul><\/li><li>Todo lo anterior debe cumplirse respetando las <strong>condiciones, t\u00e9rminos y requisitos t\u00e9cnicos y tecnol\u00f3gicos<\/strong> previstos en el <strong>Anexo t\u00e9cnico de factura electr\u00f3nica<\/strong> (generaci\u00f3n, transmisi\u00f3n, validaci\u00f3n, expedici\u00f3n y recepci\u00f3n).<\/li><\/ul><p>En resumen, no basta con solo tener un software: es obligatorio informar a la DIAN cu\u00e1l se usar\u00e1 y asegurarse de que cumpla todas las funcionalidades y exigencias t\u00e9cnicas de la factura electr\u00f3nica y sus documentos relacionados.<\/p>\t\t\t\t\t\t\t\t<\/div>\n\t\t\t\t<\/div>\n\t\t\t\t<div class=\"elementor-element elementor-element-9524acb elementor-align-center elementor-widget elementor-widget-button\" data-id=\"9524acb\" data-element_type=\"widget\" data-e-type=\"widget\" data-widget_type=\"button.default\">\n\t\t\t\t<div class=\"elementor-widget-container\">\n\t\t\t\t\t\t\t\t\t<div class=\"elementor-button-wrapper\">\n\t\t\t\t\t<a class=\"elementor-button elementor-button-link elementor-size-sm\" href=\"https:\/\/smartax.com.co\/smartax\/wp-content\/uploads\/2025\/11\/Concepto-100208192-1169-de-2025-Obligatoriedad-de-informar-a-la-DIAN-tipo-software-facturacio\u2560un-electro\u2560unica-a-utilizar.pdf\" target=\"_blank\">\n\t\t\t\t\t\t<span class=\"elementor-button-content-wrapper\">\n\t\t\t\t\t\t<span class=\"elementor-button-icon\">\n\t\t\t\t<i aria-hidden=\"true\" class=\"fas fa-file-download\"><\/i>\t\t\t<\/span>\n\t\t\t\t\t\t\t\t\t<span class=\"elementor-button-text\">Haz clic para conocer el Concepto 100208192-1169<\/span>\n\t\t\t\t\t<\/span>\n\t\t\t\t\t<\/a>\n\t\t\t\t<\/div>\n\t\t\t\t\t\t\t\t<\/div>\n\t\t\t\t<\/div>\n\t\t\t\t<div class=\"elementor-element elementor-element-82836eb elementor-widget-divider--view-line elementor-widget elementor-widget-divider\" data-id=\"82836eb\" data-element_type=\"widget\" data-e-type=\"widget\" data-widget_type=\"divider.default\">\n\t\t\t\t<div class=\"elementor-widget-container\">\n\t\t\t\t\t\t\t<div class=\"elementor-divider\">\n\t\t\t<span class=\"elementor-divider-separator\">\n\t\t\t\t\t\t<\/span>\n\t\t<\/div>\n\t\t\t\t\t\t<\/div>\n\t\t\t\t<\/div>\n\t\t\t\t\t<\/div>\n\t\t\t\t<\/div>\n\t\t<div class=\"elementor-element elementor-element-d8cbec1 e-flex e-con-boxed e-con e-parent\" data-id=\"d8cbec1\" data-element_type=\"container\" data-e-type=\"container\">\n\t\t\t\t\t<div class=\"e-con-inner\">\n\t\t\t\t<div class=\"elementor-element elementor-element-762db21f elementor-widget elementor-widget-text-editor\" data-id=\"762db21f\" data-element_type=\"widget\" data-e-type=\"widget\" data-widget_type=\"text-editor.default\">\n\t\t\t\t<div class=\"elementor-widget-container\">\n\t\t\t\t\t\t\t\t\t<h2 class=\"default-heading2\" style=\"text-align: center;\"><span style=\"color: #ff0000;\"><strong>Ampliaci\u00f3n de la informaci\u00f3n del RUT para fines p\u00fablicos<\/strong><\/span><\/h2>\t\t\t\t\t\t\t\t<\/div>\n\t\t\t\t<\/div>\n\t\t\t\t<div class=\"elementor-element elementor-element-5caae32 elementor-widget elementor-widget-text-editor\" data-id=\"5caae32\" data-element_type=\"widget\" data-e-type=\"widget\" data-widget_type=\"text-editor.default\">\n\t\t\t\t<div class=\"elementor-widget-container\">\n\t\t\t\t\t\t\t\t\t<p><br \/>El <strong>Decreto 1066<\/strong> de 2025 ampl\u00eda los datos del RUT que la DIAN puede compartir con otras entidades para ejercer funciones p\u00fablicas.<\/p><ul><li>Antes solo se pod\u00edan compartir, de forma taxativa, datos de:<\/li><li style=\"list-style-type: none;\"><ul><li><strong>Identificaci\u00f3n:<\/strong> NIT, nombres, apellidos, raz\u00f3n social.<\/li><li><strong>Ubicaci\u00f3n:<\/strong> correo, tel\u00e9fono, direcci\u00f3n, municipio, departamento, pa\u00eds.<\/li><li><strong>Clasificaci\u00f3n:<\/strong> actividad econ\u00f3mica (c\u00f3digos CIIU).<\/li><\/ul><\/li><li>Ahora tambi\u00e9n se pueden compartir, entre otros:<ul><li><strong>Representante legal.<\/strong><\/li><li><strong>Actividad econ\u00f3mica.<\/strong><\/li><li><strong>Informaci\u00f3n sobre el ejercicio de la profesi\u00f3n.<\/strong><\/li><li><strong>Calidad de comerciante.<\/strong><\/li><li><strong>Responsabilidades que hacen parte de la clasificaci\u00f3n de las personas.<\/strong><\/li><\/ul><\/li><li>Se mantiene <strong>reservada<\/strong> la informaci\u00f3n sobre la <strong>obligaci\u00f3n del impuesto al patrimonio<\/strong>.<\/li><li>Aplica para <strong>personas y entidades inscritas en el RUT<\/strong>, cuando la informaci\u00f3n se requiera para el ejercicio de <strong>funciones p\u00fablicas<\/strong>.<\/li><\/ul><p>En pocas palabras, se ampl\u00eda el intercambio de informaci\u00f3n del RUT entre entidades p\u00fablicas, pero se protege de forma especial el dato sobre impuesto al patrimonio.<\/p>\t\t\t\t\t\t\t\t<\/div>\n\t\t\t\t<\/div>\n\t\t\t\t<div class=\"elementor-element elementor-element-c145aaa elementor-align-center elementor-widget elementor-widget-button\" data-id=\"c145aaa\" data-element_type=\"widget\" data-e-type=\"widget\" data-widget_type=\"button.default\">\n\t\t\t\t<div class=\"elementor-widget-container\">\n\t\t\t\t\t\t\t\t\t<div class=\"elementor-button-wrapper\">\n\t\t\t\t\t<a class=\"elementor-button elementor-button-link elementor-size-sm\" href=\"https:\/\/smartax.com.co\/smartax\/wp-content\/uploads\/2025\/11\/Decreto-1066-de-2025-Informacion-compartida-RUT.pdf\" target=\"_blank\">\n\t\t\t\t\t\t<span class=\"elementor-button-content-wrapper\">\n\t\t\t\t\t\t<span class=\"elementor-button-icon\">\n\t\t\t\t<i aria-hidden=\"true\" class=\"fas fa-file-download\"><\/i>\t\t\t<\/span>\n\t\t\t\t\t\t\t\t\t<span class=\"elementor-button-text\">Haz clic para conocer el Decreto 1066<\/span>\n\t\t\t\t\t<\/span>\n\t\t\t\t\t<\/a>\n\t\t\t\t<\/div>\n\t\t\t\t\t\t\t\t<\/div>\n\t\t\t\t<\/div>\n\t\t\t\t<div class=\"elementor-element elementor-element-3d076a8 elementor-widget-divider--view-line elementor-widget elementor-widget-divider\" data-id=\"3d076a8\" data-element_type=\"widget\" data-e-type=\"widget\" data-widget_type=\"divider.default\">\n\t\t\t\t<div class=\"elementor-widget-container\">\n\t\t\t\t\t\t\t<div class=\"elementor-divider\">\n\t\t\t<span class=\"elementor-divider-separator\">\n\t\t\t\t\t\t<\/span>\n\t\t<\/div>\n\t\t\t\t\t\t<\/div>\n\t\t\t\t<\/div>\n\t\t\t\t\t<\/div>\n\t\t\t\t<\/div>\n\t\t<div class=\"elementor-element elementor-element-7c32e33 e-flex e-con-boxed e-con e-parent\" data-id=\"7c32e33\" data-element_type=\"container\" data-e-type=\"container\">\n\t\t\t\t\t<div class=\"e-con-inner\">\n\t\t\t\t<div class=\"elementor-element elementor-element-5a79efa elementor-widget elementor-widget-text-editor\" data-id=\"5a79efa\" data-element_type=\"widget\" data-e-type=\"widget\" data-widget_type=\"text-editor.default\">\n\t\t\t\t<div class=\"elementor-widget-container\">\n\t\t\t\t\t\t\t\t\t<h2 class=\"default-heading2\" style=\"text-align: center;\"><span style=\"color: #ff0000;\"><strong>Entrada en vigencia de la exenci\u00f3n del impuesto al patrimonio sobre ahorros pensionales<\/strong><\/span><\/h2>\t\t\t\t\t\t\t\t<\/div>\n\t\t\t\t<\/div>\n\t\t<div class=\"elementor-element elementor-element-1d9dadb e-con-full e-flex e-con e-child\" data-id=\"1d9dadb\" data-element_type=\"container\" data-e-type=\"container\">\n\t\t<div class=\"elementor-element elementor-element-e0f407e e-con-full e-flex e-con e-child\" data-id=\"e0f407e\" data-element_type=\"container\" data-e-type=\"container\">\n\t\t\t\t<div class=\"elementor-element elementor-element-ec18049 elementor-widget elementor-widget-image\" data-id=\"ec18049\" data-element_type=\"widget\" data-e-type=\"widget\" data-widget_type=\"image.default\">\n\t\t\t\t<div class=\"elementor-widget-container\">\n\t\t\t\t\t\t\t\t\t\t\t\t\t\t\t<img decoding=\"async\" width=\"640\" height=\"960\" src=\"https:\/\/smartax.com.co\/smartax\/wp-content\/uploads\/2025\/11\/Entrada-en-vigencia-de-la-exencion-683x1024.png\" class=\"attachment-large size-large wp-image-27050\" alt=\"\" srcset=\"https:\/\/smartax.com.co\/smartax\/wp-content\/uploads\/2025\/11\/Entrada-en-vigencia-de-la-exencion-683x1024.png 683w, https:\/\/smartax.com.co\/smartax\/wp-content\/uploads\/2025\/11\/Entrada-en-vigencia-de-la-exencion-200x300.png 200w, https:\/\/smartax.com.co\/smartax\/wp-content\/uploads\/2025\/11\/Entrada-en-vigencia-de-la-exencion-768x1152.png 768w, https:\/\/smartax.com.co\/smartax\/wp-content\/uploads\/2025\/11\/Entrada-en-vigencia-de-la-exencion-600x900.png 600w, https:\/\/smartax.com.co\/smartax\/wp-content\/uploads\/2025\/11\/Entrada-en-vigencia-de-la-exencion.png 1024w\" sizes=\"(max-width: 640px) 100vw, 640px\" \/>\t\t\t\t\t\t\t\t\t\t\t\t\t\t\t<\/div>\n\t\t\t\t<\/div>\n\t\t\t\t<\/div>\n\t\t<div class=\"elementor-element elementor-element-0bb407a e-con-full e-flex e-con e-child\" data-id=\"0bb407a\" data-element_type=\"container\" data-e-type=\"container\">\n\t\t\t\t<div class=\"elementor-element elementor-element-f94a43b elementor-widget elementor-widget-text-editor\" data-id=\"f94a43b\" data-element_type=\"widget\" data-e-type=\"widget\" data-widget_type=\"text-editor.default\">\n\t\t\t\t<div class=\"elementor-widget-container\">\n\t\t\t\t\t\t\t\t\t<p>El Concepto 012495-1465 de 2025 aclara que la exenci\u00f3n del impuesto al patrimonio para ciertos ahorros pensionales a\u00fan no est\u00e1 vigente.<\/p><ul><li>La exenci\u00f3n est\u00e1 prevista en el <strong>par\u00e1grafo 2 del art\u00edculo 84 de la Ley 2381 de 2024<\/strong>.<\/li><li>Cubre los <strong>ahorros pensionales nacionales o internacionales<\/strong> de residentes colombianos, tanto del <strong>pilar contributivo<\/strong> como del <strong>pilar de ahorro voluntario<\/strong>.<\/li><li>La DIAN precisa que <strong>no entr\u00f3 en vigor el 16 de julio de 2024<\/strong>, porque depende de la entrada en vigencia de las normas del <strong>Sistema de Protecci\u00f3n Social Integral para la Vejez, Invalidez y Muerte de origen com\u00fan<\/strong>.<\/li><li>Seg\u00fan el <strong>Auto 841 del 17 de junio de 2025 de la Corte Constitucional<\/strong>, la entrada en vigencia de esa exenci\u00f3n est\u00e1 <strong>suspendida<\/strong> hasta el d\u00eda h\u00e1bil siguiente a la decisi\u00f3n definitiva de la <strong>Sala Plena<\/strong> sobre la constitucionalidad de la ley.<\/li><\/ul><p>En resumen, la exenci\u00f3n del impuesto al patrimonio para ahorros pensionales existe en la ley, pero su aplicaci\u00f3n est\u00e1 suspendida y <strong>todav\u00eda no se encuentra vigente<\/strong>.<\/p>\t\t\t\t\t\t\t\t<\/div>\n\t\t\t\t<\/div>\n\t\t\t\t<\/div>\n\t\t\t\t<\/div>\n\t\t\t\t<div class=\"elementor-element elementor-element-a65e4ce elementor-align-center elementor-widget elementor-widget-button\" data-id=\"a65e4ce\" data-element_type=\"widget\" data-e-type=\"widget\" data-widget_type=\"button.default\">\n\t\t\t\t<div class=\"elementor-widget-container\">\n\t\t\t\t\t\t\t\t\t<div class=\"elementor-button-wrapper\">\n\t\t\t\t\t<a class=\"elementor-button elementor-button-link elementor-size-sm\" href=\"https:\/\/smartax.com.co\/smartax\/wp-content\/uploads\/2025\/11\/Concepto-012495-1465-de-2025-Exencio\u2560un-del-impto-al-patrimonio-ahorros-pensionales-pilar-contributivo-y-ahorro-voluntario.pdf\" target=\"_blank\">\n\t\t\t\t\t\t<span class=\"elementor-button-content-wrapper\">\n\t\t\t\t\t\t<span class=\"elementor-button-icon\">\n\t\t\t\t<i aria-hidden=\"true\" class=\"fas fa-file-download\"><\/i>\t\t\t<\/span>\n\t\t\t\t\t\t\t\t\t<span class=\"elementor-button-text\">Haz clic para conocer el Concepto 012495-1465<\/span>\n\t\t\t\t\t<\/span>\n\t\t\t\t\t<\/a>\n\t\t\t\t<\/div>\n\t\t\t\t\t\t\t\t<\/div>\n\t\t\t\t<\/div>\n\t\t\t\t<div class=\"elementor-element elementor-element-95120a9 elementor-widget-divider--view-line elementor-widget elementor-widget-divider\" data-id=\"95120a9\" data-element_type=\"widget\" data-e-type=\"widget\" data-widget_type=\"divider.default\">\n\t\t\t\t<div class=\"elementor-widget-container\">\n\t\t\t\t\t\t\t<div class=\"elementor-divider\">\n\t\t\t<span class=\"elementor-divider-separator\">\n\t\t\t\t\t\t<\/span>\n\t\t<\/div>\n\t\t\t\t\t\t<\/div>\n\t\t\t\t<\/div>\n\t\t\t\t<div class=\"elementor-element elementor-element-9a92d9e elementor-widget elementor-widget-text-editor\" data-id=\"9a92d9e\" data-element_type=\"widget\" data-e-type=\"widget\" data-widget_type=\"text-editor.default\">\n\t\t\t\t<div class=\"elementor-widget-container\">\n\t\t\t\t\t\t\t\t\t<h2 class=\"default-heading2\" style=\"text-align: center;\"><span style=\"color: #ff0000;\"><strong>Sujeci\u00f3n de los rentistas de capital al sistema de seguridad social \u2013 Sentencia 28821 de 2025<\/strong><\/span><\/h2>\t\t\t\t\t\t\t\t<\/div>\n\t\t\t\t<\/div>\n\t\t\t\t<div class=\"elementor-element elementor-element-4ab1ab5 elementor-widget elementor-widget-text-editor\" data-id=\"4ab1ab5\" data-element_type=\"widget\" data-e-type=\"widget\" data-widget_type=\"text-editor.default\">\n\t\t\t\t<div class=\"elementor-widget-container\">\n\t\t\t\t\t\t\t\t\t<p>La Sentencia 28821 de 2025 precisa que los rentistas de capital tambi\u00e9n est\u00e1n sujetos al sistema de seguridad social como trabajadores independientes.<\/p><ul><li>La expresi\u00f3n <strong>\u201ctrabajadores independientes\u201d<\/strong> incluye a quienes:<\/li><li style=\"list-style-type: none;\"><ul><li>No tienen contrato de trabajo.<\/li><li>No tienen relaci\u00f3n legal o reglamentaria.<\/li><li>S\u00ed tienen <strong>capacidad de pago<\/strong>.<\/li><\/ul><\/li><li>Dentro de esta categor\u00eda se ubican, entre otros:<ul><li><strong>Rentistas de capital.<\/strong><\/li><li><strong>Comerciantes.<\/strong><\/li><li><strong>Trabajadores por cuenta propia.<\/strong><\/li><\/ul><\/li><li>Estos sujetos, por su capacidad econ\u00f3mica, quedan <strong>obligados a vincularse y aportar<\/strong> al sistema de seguridad social, conforme a las normas vigentes.<\/li><\/ul><p>En concreto, la sentencia reafirma que los rentistas de capital y dem\u00e1s independientes con capacidad de pago no est\u00e1n por fuera del sistema: deben afiliarse y cumplir sus obligaciones de seguridad social.<\/p>\t\t\t\t\t\t\t\t<\/div>\n\t\t\t\t<\/div>\n\t\t\t\t<div class=\"elementor-element elementor-element-977f928 elementor-align-center elementor-widget elementor-widget-button\" data-id=\"977f928\" data-element_type=\"widget\" data-e-type=\"widget\" data-widget_type=\"button.default\">\n\t\t\t\t<div class=\"elementor-widget-container\">\n\t\t\t\t\t\t\t\t\t<div class=\"elementor-button-wrapper\">\n\t\t\t\t\t<a class=\"elementor-button elementor-button-link elementor-size-sm\" href=\"https:\/\/smartax.com.co\/smartax\/wp-content\/uploads\/2025\/11\/Sentencia-28821-de-2025-Sujecio\u2560un-pasiva-rentistas-de-capital-al-sistema-de-seguridad-social.pdf\" target=\"_blank\">\n\t\t\t\t\t\t<span class=\"elementor-button-content-wrapper\">\n\t\t\t\t\t\t<span class=\"elementor-button-icon\">\n\t\t\t\t<i aria-hidden=\"true\" class=\"fas fa-file-download\"><\/i>\t\t\t<\/span>\n\t\t\t\t\t\t\t\t\t<span class=\"elementor-button-text\">Haz clic para conocer la Sentencia 28821<\/span>\n\t\t\t\t\t<\/span>\n\t\t\t\t\t<\/a>\n\t\t\t\t<\/div>\n\t\t\t\t\t\t\t\t<\/div>\n\t\t\t\t<\/div>\n\t\t\t\t<div class=\"elementor-element elementor-element-8290d06 elementor-widget-divider--view-line elementor-widget elementor-widget-divider\" data-id=\"8290d06\" data-element_type=\"widget\" data-e-type=\"widget\" data-widget_type=\"divider.default\">\n\t\t\t\t<div class=\"elementor-widget-container\">\n\t\t\t\t\t\t\t<div class=\"elementor-divider\">\n\t\t\t<span class=\"elementor-divider-separator\">\n\t\t\t\t\t\t<\/span>\n\t\t<\/div>\n\t\t\t\t\t\t<\/div>\n\t\t\t\t<\/div>\n\t\t\t\t\t<\/div>\n\t\t\t\t<\/div>\n\t\t<div class=\"elementor-element elementor-element-0727834 e-flex e-con-boxed e-con e-parent\" data-id=\"0727834\" data-element_type=\"container\" data-e-type=\"container\">\n\t\t\t\t\t<div class=\"e-con-inner\">\n\t\t<div class=\"elementor-element elementor-element-6bdf32c e-con-full e-flex e-con e-child\" data-id=\"6bdf32c\" data-element_type=\"container\" data-e-type=\"container\">\n\t\t\t\t<div class=\"elementor-element elementor-element-db6e036 elementor-widget elementor-widget-text-editor\" data-id=\"db6e036\" data-element_type=\"widget\" data-e-type=\"widget\" data-widget_type=\"text-editor.default\">\n\t\t\t\t<div class=\"elementor-widget-container\">\n\t\t\t\t\t\t\t\t\t<h2 class=\"default-heading2\" style=\"text-align: center;\"><span style=\"color: #ff0000;\"><strong>Efectos jur\u00eddicos de la declaraci\u00f3n del impuesto al patrimonio presentada sin pago<\/strong><\/span><\/h2>\t\t\t\t\t\t\t\t<\/div>\n\t\t\t\t<\/div>\n\t\t\t\t<div class=\"elementor-element elementor-element-d4feb6c elementor-widget elementor-widget-text-editor\" data-id=\"d4feb6c\" data-element_type=\"widget\" data-e-type=\"widget\" data-widget_type=\"text-editor.default\">\n\t\t\t\t<div class=\"elementor-widget-container\">\n\t\t\t\t\t\t\t\t\t<p>El <strong>Concepto 100208192-1189<\/strong> de 2025 aclara qu\u00e9 ocurre cuando se presenta la declaraci\u00f3n del impuesto al patrimonio sin efectuar el pago.<\/p><ul><li>La <strong>declaraci\u00f3n del impuesto al patrimonio presentada sin pago<\/strong> <strong>no<\/strong> se considera, solo por esa raz\u00f3n, como <strong>no presentada<\/strong>.<\/li><li>Ni el <strong>art\u00edculo 298<\/strong> ni el <strong>art\u00edculo 580 del Estatuto Tributario (ET)<\/strong> establecen que la falta de pago implique que la declaraci\u00f3n se tenga como no presentada.<\/li><li>En ausencia de una norma que disponga lo contrario, la declaraci\u00f3n <strong>s\u00ed produce efectos jur\u00eddicos<\/strong>.<\/li><li>La falta de pago genera <strong>intereses moratorios<\/strong> y las dem\u00e1s <strong>consecuencias legales<\/strong> derivadas del incumplimiento en el pago.<\/li><\/ul>\t\t\t\t\t\t\t\t<\/div>\n\t\t\t\t<\/div>\n\t\t\t\t<\/div>\n\t\t<div class=\"elementor-element elementor-element-d1afe9b e-con-full e-flex e-con e-child\" data-id=\"d1afe9b\" data-element_type=\"container\" data-e-type=\"container\">\n\t\t\t\t<div class=\"elementor-element elementor-element-1e625e3 elementor-widget elementor-widget-image\" data-id=\"1e625e3\" data-element_type=\"widget\" data-e-type=\"widget\" data-widget_type=\"image.default\">\n\t\t\t\t<div class=\"elementor-widget-container\">\n\t\t\t\t\t\t\t\t\t\t\t\t\t\t\t<img decoding=\"async\" width=\"640\" height=\"960\" src=\"https:\/\/smartax.com.co\/smartax\/wp-content\/uploads\/2025\/11\/Efectos-juridicos-de-la-declaracion-del-impuesto-al-patrimonio-presentada-sin-pago-683x1024.png\" class=\"attachment-large size-large wp-image-27051\" alt=\"\" srcset=\"https:\/\/smartax.com.co\/smartax\/wp-content\/uploads\/2025\/11\/Efectos-juridicos-de-la-declaracion-del-impuesto-al-patrimonio-presentada-sin-pago-683x1024.png 683w, https:\/\/smartax.com.co\/smartax\/wp-content\/uploads\/2025\/11\/Efectos-juridicos-de-la-declaracion-del-impuesto-al-patrimonio-presentada-sin-pago-200x300.png 200w, https:\/\/smartax.com.co\/smartax\/wp-content\/uploads\/2025\/11\/Efectos-juridicos-de-la-declaracion-del-impuesto-al-patrimonio-presentada-sin-pago-768x1152.png 768w, https:\/\/smartax.com.co\/smartax\/wp-content\/uploads\/2025\/11\/Efectos-juridicos-de-la-declaracion-del-impuesto-al-patrimonio-presentada-sin-pago-600x900.png 600w, https:\/\/smartax.com.co\/smartax\/wp-content\/uploads\/2025\/11\/Efectos-juridicos-de-la-declaracion-del-impuesto-al-patrimonio-presentada-sin-pago.png 1024w\" sizes=\"(max-width: 640px) 100vw, 640px\" \/>\t\t\t\t\t\t\t\t\t\t\t\t\t\t\t<\/div>\n\t\t\t\t<\/div>\n\t\t\t\t<\/div>\n\t\t\t\t\t<\/div>\n\t\t\t\t<\/div>\n\t\t<div class=\"elementor-element elementor-element-8667580 e-flex e-con-boxed e-con e-parent\" data-id=\"8667580\" data-element_type=\"container\" data-e-type=\"container\">\n\t\t\t\t\t<div class=\"e-con-inner\">\n\t\t\t\t<div class=\"elementor-element elementor-element-8467de9 elementor-widget elementor-widget-text-editor\" data-id=\"8467de9\" data-element_type=\"widget\" data-e-type=\"widget\" data-widget_type=\"text-editor.default\">\n\t\t\t\t<div class=\"elementor-widget-container\">\n\t\t\t\t\t\t\t\t\t<p>En s\u00edntesis, presentar la declaraci\u00f3n del impuesto al patrimonio sin pagar no la invalida, pero s\u00ed expone al contribuyente a intereses e implicaciones por no cumplir oportunamente con el pago.<\/p>\t\t\t\t\t\t\t\t<\/div>\n\t\t\t\t<\/div>\n\t\t\t\t<div class=\"elementor-element elementor-element-6869994 elementor-align-center elementor-widget elementor-widget-button\" data-id=\"6869994\" data-element_type=\"widget\" data-e-type=\"widget\" data-widget_type=\"button.default\">\n\t\t\t\t<div class=\"elementor-widget-container\">\n\t\t\t\t\t\t\t\t\t<div class=\"elementor-button-wrapper\">\n\t\t\t\t\t<a class=\"elementor-button elementor-button-link elementor-size-sm\" href=\"https:\/\/smartax.com.co\/smartax\/wp-content\/uploads\/2025\/11\/Concepto-100208192-1189-de-2025-Efectos-Declaracio\u2560un-Impto-Patrimonio-sin-pago.pdf\" target=\"_blank\">\n\t\t\t\t\t\t<span class=\"elementor-button-content-wrapper\">\n\t\t\t\t\t\t<span class=\"elementor-button-icon\">\n\t\t\t\t<i aria-hidden=\"true\" class=\"fas fa-file-download\"><\/i>\t\t\t<\/span>\n\t\t\t\t\t\t\t\t\t<span class=\"elementor-button-text\">Haz clic para conocer el Concepto 100208192-1189 <\/span>\n\t\t\t\t\t<\/span>\n\t\t\t\t\t<\/a>\n\t\t\t\t<\/div>\n\t\t\t\t\t\t\t\t<\/div>\n\t\t\t\t<\/div>\n\t\t\t\t<div class=\"elementor-element elementor-element-d051a79 elementor-widget-divider--view-line elementor-widget elementor-widget-divider\" data-id=\"d051a79\" data-element_type=\"widget\" data-e-type=\"widget\" data-widget_type=\"divider.default\">\n\t\t\t\t<div class=\"elementor-widget-container\">\n\t\t\t\t\t\t\t<div class=\"elementor-divider\">\n\t\t\t<span class=\"elementor-divider-separator\">\n\t\t\t\t\t\t<\/span>\n\t\t<\/div>\n\t\t\t\t\t\t<\/div>\n\t\t\t\t<\/div>\n\t\t\t\t<div class=\"elementor-element elementor-element-2a21449 elementor-widget elementor-widget-text-editor\" data-id=\"2a21449\" data-element_type=\"widget\" data-e-type=\"widget\" data-widget_type=\"text-editor.default\">\n\t\t\t\t<div class=\"elementor-widget-container\">\n\t\t\t\t\t\t\t\t\t<h2 class=\"default-heading2\" style=\"text-align: center;\"><span style=\"color: #ff0000;\"><strong>Exenci\u00f3n del 4&#215;1000 hasta 350 UVT en varias cuentas \u2013 Concepto 100208192-1147 de 2025<\/strong><\/span><\/h2>\t\t\t\t\t\t\t\t<\/div>\n\t\t\t\t<\/div>\n\t\t\t\t<div class=\"elementor-element elementor-element-9e7acc6 elementor-widget elementor-widget-text-editor\" data-id=\"9e7acc6\" data-element_type=\"widget\" data-e-type=\"widget\" data-widget_type=\"text-editor.default\">\n\t\t\t\t<div class=\"elementor-widget-container\">\n\t\t\t\t\t\t\t\t\t<p>La DIAN, mediante el <strong>Concepto 100208192-1147<\/strong> de 2025, aclara c\u00f3mo aplica la exenci\u00f3n del Gravamen a los Movimientos Financieros (GMF) para personas naturales.<\/p><ul><li>Las <strong>personas naturales<\/strong> tienen derecho a una <strong>exenci\u00f3n del GMF hasta 350 UVT mensuales<\/strong>, sin importar cu\u00e1ntas cuentas tengan.<\/li><li>Con base en el <strong>art\u00edculo 881-1 del Estatuto Tributario<\/strong>, ya <strong>no es obligatorio marcar una \u00fanica cuenta<\/strong> para disfrutar de la exenci\u00f3n.<\/li><li>La exenci\u00f3n de las <strong>350 UVT mensuales<\/strong> se puede aplicar de forma:<ul><li><strong>Distribuida entre varias cuentas propias<\/strong>,<\/li><li>Incluso en <strong>diferentes entidades financieras<\/strong>,<\/li><li>Siempre que dichas entidades hayan <strong>implementado el sistema de informaci\u00f3n<\/strong> requerido para controlar la exenci\u00f3n.<\/li><\/ul><\/li><\/ul><p>En t\u00e9rminos pr\u00e1cticos, la exenci\u00f3n del 4&#215;1000 hasta 350 UVT mensuales se mantiene para personas naturales, pero ahora puede repartirse entre varias cuentas, sin necesidad de designar una sola, siempre que el sistema bancario permita su adecuado control.<\/p>\t\t\t\t\t\t\t\t<\/div>\n\t\t\t\t<\/div>\n\t\t\t\t<div class=\"elementor-element elementor-element-8f00867 elementor-align-center elementor-widget elementor-widget-button\" data-id=\"8f00867\" data-element_type=\"widget\" data-e-type=\"widget\" data-widget_type=\"button.default\">\n\t\t\t\t<div class=\"elementor-widget-container\">\n\t\t\t\t\t\t\t\t\t<div class=\"elementor-button-wrapper\">\n\t\t\t\t\t<a class=\"elementor-button elementor-button-link elementor-size-sm\" href=\"https:\/\/smartax.com.co\/smartax\/wp-content\/uploads\/2025\/11\/Concepto-100208192-1147-de-2025-Exencio\u2560un-del-GMF-Personas-Naturales-hasta-350-UVT-mensuales.pdf\" target=\"_blank\">\n\t\t\t\t\t\t<span class=\"elementor-button-content-wrapper\">\n\t\t\t\t\t\t<span class=\"elementor-button-icon\">\n\t\t\t\t<i aria-hidden=\"true\" class=\"fas fa-file-download\"><\/i>\t\t\t<\/span>\n\t\t\t\t\t\t\t\t\t<span class=\"elementor-button-text\">Haz clic para conocer el concepto 100208192-1147<\/span>\n\t\t\t\t\t<\/span>\n\t\t\t\t\t<\/a>\n\t\t\t\t<\/div>\n\t\t\t\t\t\t\t\t<\/div>\n\t\t\t\t<\/div>\n\t\t\t\t<div class=\"elementor-element elementor-element-9fd1e31 elementor-widget-divider--view-line elementor-widget elementor-widget-divider\" data-id=\"9fd1e31\" data-element_type=\"widget\" data-e-type=\"widget\" data-widget_type=\"divider.default\">\n\t\t\t\t<div class=\"elementor-widget-container\">\n\t\t\t\t\t\t\t<div class=\"elementor-divider\">\n\t\t\t<span class=\"elementor-divider-separator\">\n\t\t\t\t\t\t<\/span>\n\t\t<\/div>\n\t\t\t\t\t\t<\/div>\n\t\t\t\t<\/div>\n\t\t\t\t\t<\/div>\n\t\t\t\t<\/div>\n\t\t<div class=\"elementor-element elementor-element-d2e5451 e-flex e-con-boxed e-con e-parent\" data-id=\"d2e5451\" data-element_type=\"container\" data-e-type=\"container\">\n\t\t\t\t\t<div class=\"e-con-inner\">\n\t\t<div class=\"elementor-element elementor-element-6e5d656 e-con-full e-flex e-con e-child\" data-id=\"6e5d656\" data-element_type=\"container\" data-e-type=\"container\">\n\t\t\t\t<div class=\"elementor-element elementor-element-683c01f elementor-widget elementor-widget-text-editor\" data-id=\"683c01f\" data-element_type=\"widget\" data-e-type=\"widget\" data-widget_type=\"text-editor.default\">\n\t\t\t\t<div class=\"elementor-widget-container\">\n\t\t\t\t\t\t\t\t\t<h2 class=\"default-heading2\" style=\"text-align: center;\"><span style=\"color: #ff0000;\"><strong>Nueva lista de grandes contribuyentes distritales en Bogot\u00e1 \u2013 Resoluci\u00f3n DDI<br \/>029334 de 2025<\/strong><\/span><\/h2>\t\t\t\t\t\t\t\t<\/div>\n\t\t\t\t<\/div>\n\t\t\t\t<div class=\"elementor-element elementor-element-740912e elementor-widget elementor-widget-text-editor\" data-id=\"740912e\" data-element_type=\"widget\" data-e-type=\"widget\" data-widget_type=\"text-editor.default\">\n\t\t\t\t<div class=\"elementor-widget-container\">\n\t\t\t\t\t\t\t\t\t<p>Establece la nueva lista de sujetos calificados como grandes contribuyentes en el Distrito de Bogot\u00e1.<\/p>\t\t\t\t\t\t\t\t<\/div>\n\t\t\t\t<\/div>\n\t\t\t\t<div class=\"elementor-element elementor-element-6a878ed elementor-align-center elementor-widget elementor-widget-button\" data-id=\"6a878ed\" data-element_type=\"widget\" data-e-type=\"widget\" data-widget_type=\"button.default\">\n\t\t\t\t<div class=\"elementor-widget-container\">\n\t\t\t\t\t\t\t\t\t<div class=\"elementor-button-wrapper\">\n\t\t\t\t\t<a class=\"elementor-button elementor-button-link elementor-size-sm\" href=\"https:\/\/smartax.com.co\/smartax\/wp-content\/uploads\/2025\/11\/Resolucio\u2560un-DDI-029334-de-2025-Grandes-contribuyentes-AG-2026-Distrito-Capital.pdf\" target=\"_blank\">\n\t\t\t\t\t\t<span class=\"elementor-button-content-wrapper\">\n\t\t\t\t\t\t<span class=\"elementor-button-icon\">\n\t\t\t\t<i aria-hidden=\"true\" class=\"fas fa-file-download\"><\/i>\t\t\t<\/span>\n\t\t\t\t\t\t\t\t\t<span class=\"elementor-button-text\">Haz clic para conocer el concepto 029334 de 2025<\/span>\n\t\t\t\t\t<\/span>\n\t\t\t\t\t<\/a>\n\t\t\t\t<\/div>\n\t\t\t\t\t\t\t\t<\/div>\n\t\t\t\t<\/div>\n\t\t\t\t<div class=\"elementor-element elementor-element-5689c49 elementor-widget-divider--view-line elementor-widget elementor-widget-divider\" data-id=\"5689c49\" data-element_type=\"widget\" data-e-type=\"widget\" data-widget_type=\"divider.default\">\n\t\t\t\t<div class=\"elementor-widget-container\">\n\t\t\t\t\t\t\t<div class=\"elementor-divider\">\n\t\t\t<span class=\"elementor-divider-separator\">\n\t\t\t\t\t\t<\/span>\n\t\t<\/div>\n\t\t\t\t\t\t<\/div>\n\t\t\t\t<\/div>\n\t\t<div class=\"elementor-element elementor-element-f87d02f e-con-full e-flex e-con e-child\" data-id=\"f87d02f\" data-element_type=\"container\" data-e-type=\"container\">\n\t\t\t\t<div class=\"elementor-element elementor-element-1ecb94b elementor-widget elementor-widget-text-editor\" data-id=\"1ecb94b\" data-element_type=\"widget\" data-e-type=\"widget\" data-widget_type=\"text-editor.default\">\n\t\t\t\t<div class=\"elementor-widget-container\">\n\t\t\t\t\t\t\t\t\t<h2 id=\"isPasted\" class=\"default-heading1\" style=\"text-align: center;\"><span style=\"color: #ff0000;\"><strong>Seminario Cierre Fiscal 2025 &amp; Actualizaci\u00f3n Tributaria 2026<\/strong><\/span><\/h2>\t\t\t\t\t\t\t\t<\/div>\n\t\t\t\t<\/div>\n\t\t\t\t<\/div>\n\t\t\t\t<\/div>\n\t\t\t\t<div class=\"elementor-element elementor-element-5212e73 elementor-widget elementor-widget-text-editor\" data-id=\"5212e73\" data-element_type=\"widget\" data-e-type=\"widget\" data-widget_type=\"text-editor.default\">\n\t\t\t\t<div class=\"elementor-widget-container\">\n\t\t\t\t\t\t\t\t\t<p id=\"isPasted\">Hoy queremos primero agradecer a todos nuestros clientes y aliados \u00a0por su participaci\u00f3n en el\u00a0<strong>Seminario de Cierre Fiscal 2025 y Actualizaci\u00f3n Tributaria 2026.<\/strong><\/p><p>La jornada fue un \u00e9xito, con una asistencia destacada y un intercambio valioso alrededor de los temas clave para proyectar el a\u00f1o fiscal 2026.<\/p><p>Gracias por su confianza y por hacer parte de la comunidad Smartax. Seguimos trabajando para acompa\u00f1arlos con rigor y claridad en cada reto tributario.<\/p>\t\t\t\t\t\t\t\t<\/div>\n\t\t\t\t<\/div>\n\t\t\t\t<div class=\"elementor-element elementor-element-4a87390 elementor-widget elementor-widget-image\" data-id=\"4a87390\" data-element_type=\"widget\" data-e-type=\"widget\" data-widget_type=\"image.default\">\n\t\t\t\t<div class=\"elementor-widget-container\">\n\t\t\t\t\t\t\t\t\t\t\t\t\t\t\t<img loading=\"lazy\" decoding=\"async\" width=\"640\" height=\"359\" src=\"https:\/\/smartax.com.co\/smartax\/wp-content\/uploads\/2025\/10\/seminario-1024x575.jpg\" class=\"attachment-large size-large wp-image-27094\" alt=\"\" srcset=\"https:\/\/smartax.com.co\/smartax\/wp-content\/uploads\/2025\/10\/seminario-1024x575.jpg 1024w, https:\/\/smartax.com.co\/smartax\/wp-content\/uploads\/2025\/10\/seminario-300x168.jpg 300w, https:\/\/smartax.com.co\/smartax\/wp-content\/uploads\/2025\/10\/seminario-768x431.jpg 768w, https:\/\/smartax.com.co\/smartax\/wp-content\/uploads\/2025\/10\/seminario-1536x862.jpg 1536w, https:\/\/smartax.com.co\/smartax\/wp-content\/uploads\/2025\/10\/seminario-600x337.jpg 600w, https:\/\/smartax.com.co\/smartax\/wp-content\/uploads\/2025\/10\/seminario.jpg 1600w\" sizes=\"(max-width: 640px) 100vw, 640px\" \/>\t\t\t\t\t\t\t\t\t\t\t\t\t\t\t<\/div>\n\t\t\t\t<\/div>\n\t\t\t\t<div class=\"elementor-element elementor-element-8cc3f6a elementor-widget-divider--view-line elementor-widget elementor-widget-divider\" data-id=\"8cc3f6a\" data-element_type=\"widget\" data-e-type=\"widget\" data-widget_type=\"divider.default\">\n\t\t\t\t<div class=\"elementor-widget-container\">\n\t\t\t\t\t\t\t<div class=\"elementor-divider\">\n\t\t\t<span class=\"elementor-divider-separator\">\n\t\t\t\t\t\t<\/span>\n\t\t<\/div>\n\t\t\t\t\t\t<\/div>\n\t\t\t\t<\/div>\n\t\t\t\t<div class=\"elementor-element elementor-element-b1e5345 elementor-widget elementor-widget-text-editor\" data-id=\"b1e5345\" data-element_type=\"widget\" data-e-type=\"widget\" data-widget_type=\"text-editor.default\">\n\t\t\t\t<div class=\"elementor-widget-container\">\n\t\t\t\t\t\t\t\t\t<h2 class=\"default-heading2\" style=\"text-align: center;\"><span style=\"color: #ff0000;\"><strong>Deducci\u00f3n del 50% en renta por inversiones en FNCE y veh\u00edculos el\u00e9ctricos con certificaci\u00f3n UPME<\/strong><\/span><\/h2>\t\t\t\t\t\t\t\t<\/div>\n\t\t\t\t<\/div>\n\t\t\t\t<div class=\"elementor-element elementor-element-b7e4ca3 elementor-widget elementor-widget-image\" data-id=\"b7e4ca3\" data-element_type=\"widget\" data-e-type=\"widget\" data-widget_type=\"image.default\">\n\t\t\t\t<div class=\"elementor-widget-container\">\n\t\t\t\t\t\t\t\t\t\t\t\t\t\t\t<img loading=\"lazy\" decoding=\"async\" width=\"640\" height=\"427\" src=\"https:\/\/smartax.com.co\/smartax\/wp-content\/uploads\/2025\/11\/Deduccion-del-50-en-renta-por-inversiones-en-FNCE-y-vehiculos-electricos-con-certificacion-UPME-1024x683.png\" class=\"attachment-large size-large wp-image-27055\" alt=\"\" srcset=\"https:\/\/smartax.com.co\/smartax\/wp-content\/uploads\/2025\/11\/Deduccion-del-50-en-renta-por-inversiones-en-FNCE-y-vehiculos-electricos-con-certificacion-UPME-1024x683.png 1024w, https:\/\/smartax.com.co\/smartax\/wp-content\/uploads\/2025\/11\/Deduccion-del-50-en-renta-por-inversiones-en-FNCE-y-vehiculos-electricos-con-certificacion-UPME-300x200.png 300w, https:\/\/smartax.com.co\/smartax\/wp-content\/uploads\/2025\/11\/Deduccion-del-50-en-renta-por-inversiones-en-FNCE-y-vehiculos-electricos-con-certificacion-UPME-768x512.png 768w, https:\/\/smartax.com.co\/smartax\/wp-content\/uploads\/2025\/11\/Deduccion-del-50-en-renta-por-inversiones-en-FNCE-y-vehiculos-electricos-con-certificacion-UPME-600x400.png 600w, https:\/\/smartax.com.co\/smartax\/wp-content\/uploads\/2025\/11\/Deduccion-del-50-en-renta-por-inversiones-en-FNCE-y-vehiculos-electricos-con-certificacion-UPME.png 1536w\" sizes=\"(max-width: 640px) 100vw, 640px\" \/>\t\t\t\t\t\t\t\t\t\t\t\t\t\t\t<\/div>\n\t\t\t\t<\/div>\n\t\t\t\t<div class=\"elementor-element elementor-element-60b0bca elementor-widget elementor-widget-text-editor\" data-id=\"60b0bca\" data-element_type=\"widget\" data-e-type=\"widget\" data-widget_type=\"text-editor.default\">\n\t\t\t\t<div class=\"elementor-widget-container\">\n\t\t\t\t\t\t\t\t\t<p id=\"isPasted\" class=\"default\"><strong>Concepto 100208192\u20131776 de 2025<\/strong>\u00a0de acuerdo con el cual procede la deducci\u00f3n especial en el impuesto sobre la renta en un per\u00edodo no mayor de 15 a\u00f1os, contados a partir del a\u00f1o gravable siguiente en el que haya entrado en operaci\u00f3n la inversi\u00f3n, correspondiente al<strong>\u00a050% del total de la inversi\u00f3n<\/strong>\u00a0realizada por instalaci\u00f3n en la casa de habitaci\u00f3n de paneles\/m\u00f3dulos o celdas fotovoltaicas, bater\u00edas solares, entre otros como inversi\u00f3n en proyectos de generaci\u00f3n de energ\u00eda el\u00e9ctrica a partir de FNCE, siempre que cumplan con las caracter\u00edsticas se\u00f1aladas por la UPME y adem\u00e1s se cuente con la respectiva certificaci\u00f3n de la UPME.<\/p><p class=\"default\">Adicionalmente se reitera que la adquisici\u00f3n de veh\u00edculos el\u00e9ctricos o h\u00edbridos para uso personal que cumplan con las caracter\u00edsticas t\u00e9cnicas establecidas, otorgan el derecho a la deducci\u00f3n especial en renta establecida en el\u00a0<strong>art\u00edculo 11 de la Ley 1715 de 2014<\/strong>, siempre y cuando se cuente con la respectiva certificaci\u00f3n de la UPME.<\/p>\t\t\t\t\t\t\t\t<\/div>\n\t\t\t\t<\/div>\n\t\t\t\t<div class=\"elementor-element elementor-element-409cf42 elementor-align-center elementor-widget elementor-widget-button\" data-id=\"409cf42\" data-element_type=\"widget\" data-e-type=\"widget\" data-widget_type=\"button.default\">\n\t\t\t\t<div class=\"elementor-widget-container\">\n\t\t\t\t\t\t\t\t\t<div class=\"elementor-button-wrapper\">\n\t\t\t\t\t<a class=\"elementor-button elementor-button-link elementor-size-sm\" href=\"https:\/\/smartax.com.co\/smartax\/wp-content\/uploads\/2025\/11\/Concepto-100208192-1776-de-2025-Beneficios-fiscales-FNCE-Personas-Naturales-Vehiculos-y-paneles-solares.pdf\" target=\"_blank\">\n\t\t\t\t\t\t<span class=\"elementor-button-content-wrapper\">\n\t\t\t\t\t\t<span class=\"elementor-button-icon\">\n\t\t\t\t<i aria-hidden=\"true\" class=\"fas fa-file-download\"><\/i>\t\t\t<\/span>\n\t\t\t\t\t\t\t\t\t<span class=\"elementor-button-text\">Haz clic para conocer el concepto 100208192\u20131776<\/span>\n\t\t\t\t\t<\/span>\n\t\t\t\t\t<\/a>\n\t\t\t\t<\/div>\n\t\t\t\t\t\t\t\t<\/div>\n\t\t\t\t<\/div>\n\t\t\t\t<div class=\"elementor-element elementor-element-7fb6db2 elementor-widget-divider--view-line elementor-widget elementor-widget-divider\" data-id=\"7fb6db2\" data-element_type=\"widget\" data-e-type=\"widget\" data-widget_type=\"divider.default\">\n\t\t\t\t<div class=\"elementor-widget-container\">\n\t\t\t\t\t\t\t<div class=\"elementor-divider\">\n\t\t\t<span class=\"elementor-divider-separator\">\n\t\t\t\t\t\t<\/span>\n\t\t<\/div>\n\t\t\t\t\t\t<\/div>\n\t\t\t\t<\/div>\n\t\t\t\t\t<\/div>\n\t\t\t\t<\/div>\n\t\t<div class=\"elementor-element elementor-element-295ea67 e-flex e-con-boxed e-con e-parent\" data-id=\"295ea67\" data-element_type=\"container\" data-e-type=\"container\">\n\t\t\t\t\t<div class=\"e-con-inner\">\n\t\t\t\t<div class=\"elementor-element elementor-element-e7f3361 elementor-widget elementor-widget-text-editor\" data-id=\"e7f3361\" data-element_type=\"widget\" data-e-type=\"widget\" data-widget_type=\"text-editor.default\">\n\t\t\t\t<div class=\"elementor-widget-container\">\n\t\t\t\t\t\t\t\t\t<h2 class=\"default-heading2\" style=\"text-align: center;\"><span style=\"color: #ff0000;\"><strong>Libertad probatoria en impuestos distritales: la administraci\u00f3n no puede exigir una tarifa \u00fanica<\/strong><\/span><\/h2>\t\t\t\t\t\t\t\t<\/div>\n\t\t\t\t<\/div>\n\t\t\t\t<div class=\"elementor-element elementor-element-be702ee elementor-widget elementor-widget-text-editor\" data-id=\"be702ee\" data-element_type=\"widget\" data-e-type=\"widget\" data-widget_type=\"text-editor.default\">\n\t\t\t\t<div class=\"elementor-widget-container\">\n\t\t\t\t\t\t\t\t\t<p><strong>Sentencia 29868 de 2025<\/strong> con relaci\u00f3n a la libertad probatoria donde se establece que no existe una tarifa legal \u00fanica en materia probatoria, pues no prevalece una exigencia aut\u00f3noma del estatuto tributario local, incluso porque el mismo ordenamiento local reconoce la posibilidad establecida en la ley y reconocida en la jurisprudencia, de demostrar los factores necesarios para liquidar los impuestos distritales, incluyendo la base gravable, con base en los medios probatorios reconocidos por la ley para ello, sin que pueda hablarse de una tarifa legal para el efecto.<\/p><p>De acuerdo con las consideraciones de esta sentencia los contribuyentes tienen derecho a demostrar la extraterritorialidad de sus ingresos mediante cualquier medio legalmente v\u00e1lido, sin que la administraci\u00f3n pueda exigir una tarifa probatoria \u00fanica o desconocer pruebas leg\u00edtimas.<\/p>\t\t\t\t\t\t\t\t<\/div>\n\t\t\t\t<\/div>\n\t\t\t\t<div class=\"elementor-element elementor-element-38ac12c elementor-align-center elementor-widget elementor-widget-button\" data-id=\"38ac12c\" data-element_type=\"widget\" data-e-type=\"widget\" data-widget_type=\"button.default\">\n\t\t\t\t<div class=\"elementor-widget-container\">\n\t\t\t\t\t\t\t\t\t<div class=\"elementor-button-wrapper\">\n\t\t\t\t\t<a class=\"elementor-button elementor-button-link elementor-size-sm\" href=\"https:\/\/smartax.com.co\/smartax\/wp-content\/uploads\/2025\/11\/Sentencia-29868-de-2025-Principio-de-Libertad-Probatoria.pdf\" target=\"_blank\">\n\t\t\t\t\t\t<span class=\"elementor-button-content-wrapper\">\n\t\t\t\t\t\t<span class=\"elementor-button-icon\">\n\t\t\t\t<i aria-hidden=\"true\" class=\"fas fa-file-download\"><\/i>\t\t\t<\/span>\n\t\t\t\t\t\t\t\t\t<span class=\"elementor-button-text\">Haz clic para conocer la Sentencia 29868 <\/span>\n\t\t\t\t\t<\/span>\n\t\t\t\t\t<\/a>\n\t\t\t\t<\/div>\n\t\t\t\t\t\t\t\t<\/div>\n\t\t\t\t<\/div>\n\t\t\t\t<div class=\"elementor-element elementor-element-eb9912d elementor-widget-divider--view-line elementor-widget elementor-widget-divider\" data-id=\"eb9912d\" data-element_type=\"widget\" data-e-type=\"widget\" data-widget_type=\"divider.default\">\n\t\t\t\t<div class=\"elementor-widget-container\">\n\t\t\t\t\t\t\t<div class=\"elementor-divider\">\n\t\t\t<span class=\"elementor-divider-separator\">\n\t\t\t\t\t\t<\/span>\n\t\t<\/div>\n\t\t\t\t\t\t<\/div>\n\t\t\t\t<\/div>\n\t\t\t\t\t<\/div>\n\t\t\t\t<\/div>\n\t\t<div class=\"elementor-element elementor-element-557fdec e-flex e-con-boxed e-con e-parent\" data-id=\"557fdec\" data-element_type=\"container\" data-e-type=\"container\">\n\t\t\t\t\t<div class=\"e-con-inner\">\n\t\t\t\t<div class=\"elementor-element elementor-element-c9f7a42 elementor-widget elementor-widget-text-editor\" data-id=\"c9f7a42\" data-element_type=\"widget\" data-e-type=\"widget\" data-widget_type=\"text-editor.default\">\n\t\t\t\t<div class=\"elementor-widget-container\">\n\t\t\t\t\t\t\t\t\t<h2 class=\"default-heading2\" style=\"text-align: center;\"><span style=\"color: #ff0000;\"><strong>Impuesto de timbre en partici\u00f3n en vida con reserva de usufructo: enajenaci\u00f3n de la nuda propiedad<\/strong><\/span><\/h2>\t\t\t\t\t\t\t\t<\/div>\n\t\t\t\t<\/div>\n\t\t\t\t<div class=\"elementor-element elementor-element-a97b646 elementor-widget elementor-widget-text-editor\" data-id=\"a97b646\" data-element_type=\"widget\" data-e-type=\"widget\" data-widget_type=\"text-editor.default\">\n\t\t\t\t<div class=\"elementor-widget-container\">\n\t\t\t\t\t\t\t\t\t<p><strong>Concepto 012919-1500<\/strong> de 2025 con relaci\u00f3n a la causaci\u00f3n del impuesto de timbre en la partici\u00f3n en vida de bienes con reserva de usufructo, de acuerdo con el cual cuando la partici\u00f3n del patrimonio en vida incluya bienes inmuebles, y en especial cuando se transfiera la nuda propiedad mediante escritura p\u00fablica, se configura una enajenaci\u00f3n a cualquier t\u00edtulo en los t\u00e9rminos del <strong>par\u00e1grafo 3 del art\u00edculo 519 del Estatuto Tributario \u2013 ET<\/strong>, por lo que si el valor de los inmuebles alcanza o supera las 20.000 UVT, se aplicar\u00e1n las tarifas previstas para el efecto.\u00a0\u00a0<\/p><p>Ahora bien, cuando la partici\u00f3n incluya bienes muebles, no existe una regla especial de enajenaci\u00f3n, por lo que debe analizarse si el documento que la ampara cumple con las condiciones relativas a la cuant\u00eda, calidad de comerciante y dem\u00e1s elementos exigidos para la causaci\u00f3n del impuesto de timbre.<\/p><p>Finalmente, precisa que art\u00edculo, el hecho generador se produce sobre la enajenaci\u00f3n de la nuda propiedad, m\u00e1s no sobre el usufructo el cual no se transfiere al ser conservado por el adjudicante.<\/p>\t\t\t\t\t\t\t\t<\/div>\n\t\t\t\t<\/div>\n\t\t\t\t<div class=\"elementor-element elementor-element-29400a9 elementor-align-center elementor-widget elementor-widget-button\" data-id=\"29400a9\" data-element_type=\"widget\" data-e-type=\"widget\" data-widget_type=\"button.default\">\n\t\t\t\t<div class=\"elementor-widget-container\">\n\t\t\t\t\t\t\t\t\t<div class=\"elementor-button-wrapper\">\n\t\t\t\t\t<a class=\"elementor-button elementor-button-link elementor-size-sm\" href=\"https:\/\/smartax.com.co\/smartax\/wp-content\/uploads\/2025\/11\/Concepto-012919-1500-de-2025-Impuesto-de-timbre-particio\u2560un-en-vida-bienes-con-reserva-de-usufructo.pdf\" target=\"_blank\">\n\t\t\t\t\t\t<span class=\"elementor-button-content-wrapper\">\n\t\t\t\t\t\t<span class=\"elementor-button-icon\">\n\t\t\t\t<i aria-hidden=\"true\" class=\"fas fa-file-download\"><\/i>\t\t\t<\/span>\n\t\t\t\t\t\t\t\t\t<span class=\"elementor-button-text\">Haz clic para conocer el Concepto 012919-1500 <\/span>\n\t\t\t\t\t<\/span>\n\t\t\t\t\t<\/a>\n\t\t\t\t<\/div>\n\t\t\t\t\t\t\t\t<\/div>\n\t\t\t\t<\/div>\n\t\t\t\t\t<\/div>\n\t\t\t\t<\/div>\n\t\t<div class=\"elementor-element elementor-element-e6cf26c e-flex e-con-boxed e-con e-parent\" data-id=\"e6cf26c\" data-element_type=\"container\" data-e-type=\"container\">\n\t\t\t\t\t<div class=\"e-con-inner\">\n\t\t\t\t<div class=\"elementor-element elementor-element-d226484 elementor-widget-divider--view-line elementor-widget elementor-widget-divider\" data-id=\"d226484\" data-element_type=\"widget\" data-e-type=\"widget\" data-widget_type=\"divider.default\">\n\t\t\t\t<div class=\"elementor-widget-container\">\n\t\t\t\t\t\t\t<div class=\"elementor-divider\">\n\t\t\t<span class=\"elementor-divider-separator\">\n\t\t\t\t\t\t<\/span>\n\t\t<\/div>\n\t\t\t\t\t\t<\/div>\n\t\t\t\t<\/div>\n\t\t\t\t<div class=\"elementor-element elementor-element-d436f35 elementor-widget elementor-widget-text-editor\" data-id=\"d436f35\" data-element_type=\"widget\" data-e-type=\"widget\" data-widget_type=\"text-editor.default\">\n\t\t\t\t<div class=\"elementor-widget-container\">\n\t\t\t\t\t\t\t\t\t<p>Gracias por acompa\u00f1arnos en esta edici\u00f3n del Bolet\u00edn Informativo.\u00a0<\/p><p>Los invitamos a seguir siempre conectados con nuestras publicaciones, donde encontrar\u00e1n informaci\u00f3n oportuna y relevante para su actualizaci\u00f3n tributaria y legal.<\/p><p>Si tienen dudas o comentarios, no duden en escribirnos a nuestro WhatsApp \ud83d\udcf1318 311 2877.<\/p><p>\u00a1No olvides seguirnos en nuestras redes sociales, en especial en el\u00a0<strong>Canal de WhatsApp.\u00a0<\/strong>All\u00ed encontrar\u00e1s informaci\u00f3n valiosa que puede ser de tu inter\u00e9s.<\/p>\t\t\t\t\t\t\t\t<\/div>\n\t\t\t\t<\/div>\n\t\t\t\t<div class=\"elementor-element elementor-element-93164c9 elementor-align-center elementor-widget elementor-widget-button\" data-id=\"93164c9\" data-element_type=\"widget\" data-e-type=\"widget\" data-widget_type=\"button.default\">\n\t\t\t\t<div class=\"elementor-widget-container\">\n\t\t\t\t\t\t\t\t\t<div class=\"elementor-button-wrapper\">\n\t\t\t\t\t<a class=\"elementor-button elementor-button-link elementor-size-sm\" href=\"https:\/\/wa.link\/m8qvle\" target=\"_blank\">\n\t\t\t\t\t\t<span class=\"elementor-button-content-wrapper\">\n\t\t\t\t\t\t<span class=\"elementor-button-icon\">\n\t\t\t\t<i aria-hidden=\"true\" class=\"fas fa-file-download\"><\/i>\t\t\t<\/span>\n\t\t\t\t\t\t\t\t\t<span class=\"elementor-button-text\">Haz clic para unirte a nuestro canal de WhatsApp <\/span>\n\t\t\t\t\t<\/span>\n\t\t\t\t\t<\/a>\n\t\t\t\t<\/div>\n\t\t\t\t\t\t\t\t<\/div>\n\t\t\t\t<\/div>\n\t\t\t\t\t<\/div>\n\t\t\t\t<\/div>\n\t\t\t\t<\/div>\n\t\t","protected":false},"excerpt":{"rendered":"<p>Noviembre es el mes para hacer una pausa estrat\u00e9gica antes del cierre del a\u00f1o fiscal. Desde Restrepo &amp; Londo\u00f1o \u2013 SMARTAX queremos acompa\u00f1arte en este momento clave, acercando la informaci\u00f3n tributaria y legal de manera sencilla, pr\u00e1ctica y \u00fatil para &hellip; <\/p>\n","protected":false},"author":1,"featured_media":27083,"comment_status":"open","ping_status":"open","sticky":false,"template":"","format":"standard","meta":{"_acf_changed":false,"footnotes":""},"categories":[60,61,59,64,63],"tags":[58],"class_list":["post-27027","post","type-post","status-publish","format-standard","has-post-thumbnail","hentry","category-boletin-informativo","category-impuestos","category-noticias","category-personas-juridicas","category-personas-naturales","tag-boletin"],"acf":[],"_links":{"self":[{"href":"https:\/\/smartax.com.co\/smartax\/wp-json\/wp\/v2\/posts\/27027","targetHints":{"allow":["GET"]}}],"collection":[{"href":"https:\/\/smartax.com.co\/smartax\/wp-json\/wp\/v2\/posts"}],"about":[{"href":"https:\/\/smartax.com.co\/smartax\/wp-json\/wp\/v2\/types\/post"}],"author":[{"embeddable":true,"href":"https:\/\/smartax.com.co\/smartax\/wp-json\/wp\/v2\/users\/1"}],"replies":[{"embeddable":true,"href":"https:\/\/smartax.com.co\/smartax\/wp-json\/wp\/v2\/comments?post=27027"}],"version-history":[{"count":46,"href":"https:\/\/smartax.com.co\/smartax\/wp-json\/wp\/v2\/posts\/27027\/revisions"}],"predecessor-version":[{"id":27101,"href":"https:\/\/smartax.com.co\/smartax\/wp-json\/wp\/v2\/posts\/27027\/revisions\/27101"}],"wp:featuredmedia":[{"embeddable":true,"href":"https:\/\/smartax.com.co\/smartax\/wp-json\/wp\/v2\/media\/27083"}],"wp:attachment":[{"href":"https:\/\/smartax.com.co\/smartax\/wp-json\/wp\/v2\/media?parent=27027"}],"wp:term":[{"taxonomy":"category","embeddable":true,"href":"https:\/\/smartax.com.co\/smartax\/wp-json\/wp\/v2\/categories?post=27027"},{"taxonomy":"post_tag","embeddable":true,"href":"https:\/\/smartax.com.co\/smartax\/wp-json\/wp\/v2\/tags?post=27027"}],"curies":[{"name":"wp","href":"https:\/\/api.w.org\/{rel}","templated":true}]}}